{"id":10572,"date":"2026-08-31T14:40:00","date_gmt":"2026-08-31T12:40:00","guid":{"rendered":"https:\/\/clinicasanroman.com\/?p=10572"},"modified":"2026-08-31T17:42:47","modified_gmt":"2026-08-31T15:42:47","slug":"se-faire-operer-du-pied-en-espagne-guide-pratique","status":"publish","type":"post","link":"https:\/\/clinicasanroman.com\/fr\/se-faire-operer-du-pied-en-espagne-guide-pratique\/","title":{"rendered":"Se faire op\u00e9rer du pied en Espagne depuis l&rsquo;\u00e9tranger : le guide logistique r\u00e9el"},"content":{"rendered":"\n<p class=\"wp-block-paragraph\"><em>\u00ab\u00a0Ce n&rsquo;est pas l&rsquo;op\u00e9ration qui m&rsquo;inqui\u00e8te. C&rsquo;est le retour \u00e0 la maison.\u00a0\u00bb<\/em><\/p>\n\n\n\n<p class=\"wp-block-paragraph\">C&rsquo;est la phrase qui revient le plus souvent chez les patients qui nous \u00e9crivent depuis la France, la Belgique, les Pays-Bas ou l&rsquo;Allemagne. Ils ont d\u00e9j\u00e0 lu sur la technique percutan\u00e9e. Ils ont d\u00e9j\u00e0 vu que l&rsquo;on ressort en marchant. Ce que personne ne leur explique, c&rsquo;est le reste : combien de jours ils doivent rester ici, s&rsquo;ils pourront reprendre l&rsquo;avion, et qui les suivra une fois rentr\u00e9s chez eux.<\/p>\n\n\n\n<p class=\"wp-block-paragraph\">Ce guide r\u00e9pond exactement \u00e0 cela. Sans marketing.<\/p>\n\n\n\n<figure class=\"wp-block-embed is-type-video is-provider-youtube wp-block-embed-youtube wp-embed-aspect-16-9 wp-has-aspect-ratio\"><div class=\"wp-block-embed__wrapper\">\n<iframe loading=\"lazy\" title=\"Cl\u00ednica San Rom\u00e1n - Pa\u00edses Bajos Resumen\" width=\"500\" height=\"281\" src=\"https:\/\/www.youtube.com\/embed\/fxhPF-NOmRc?feature=oembed\" frameborder=\"0\" allow=\"accelerometer; autoplay; clipboard-write; encrypted-media; gyroscope; picture-in-picture; web-share\" referrerpolicy=\"strict-origin-when-cross-origin\" allowfullscreen><\/iframe>\n<\/div><figcaption class=\"wp-element-caption\">Reportage sur la clinique diffus\u00e9 aux Pays-Bas. C&rsquo;est de loin la vid\u00e9o la plus vue de notre cha\u00eene : une grande partie de nos patients internationaux sont arriv\u00e9s apr\u00e8s l&rsquo;avoir vue.<\/figcaption><\/figure>\n\n\n\n<h2 class=\"wp-block-heading\">Pourquoi se faire op\u00e9rer du pied en Espagne s\u00e9duit de plus en plus d&rsquo;Europ\u00e9ens<\/h2>\n\n\n\n<p class=\"wp-block-paragraph\">Ce n&rsquo;est ni une question de prix, ni de soleil. Ce sont trois raisons concr\u00e8tes qui reviennent dans presque toutes les consultations internationales :<\/p>\n\n\n\n<ul class=\"wp-block-list\">\n<li><strong>Les deux pieds dans la m\u00eame s\u00e9ance.<\/strong> Dans beaucoup de syst\u00e8mes de sant\u00e9 europ\u00e9ens, on op\u00e8re un pied et l&rsquo;on attend des mois pour le second. Avec la technique \u00e0 incision minimale, l&rsquo;abord bilat\u00e9ral est envisageable. Nous l&rsquo;expliquons dans <a href=\"https:\/\/clinicasanroman.com\/fr\/operer-les-deux-pieds-en-meme-temps-chirurgie-bilaterale\/\">op\u00e9rer les deux pieds en m\u00eame temps<\/a>.<\/li>\n\n\n\n<li><strong><a href=\"https:\/\/clinicasanroman.com\/fr\/chirurgie-de-loignon\/\">Sans vis ni plaques<\/a> dans la majorit\u00e9 des cas.<\/strong> Beaucoup de patients viennent pr\u00e9cis\u00e9ment pour \u00e9viter le mat\u00e9riel de fixation interne.<\/li>\n\n\n\n<li><strong>Sans hospitalisation.<\/strong> L&rsquo;intervention est ambulatoire et sous anesth\u00e9sie locale. On entre et l&rsquo;on ressort en marchant, le jour m\u00eame.<\/li>\n<\/ul>\n\n\n\n<p class=\"wp-block-paragraph\">\u00c0 cela s&rsquo;ajoute l&rsquo;exp\u00e9rience : Cl\u00ednica San Rom\u00e1n se consacre \u00e0 la chirurgie du pied depuis 1979, avec trois g\u00e9n\u00e9rations et la sous-sp\u00e9cialit\u00e9 certifi\u00e9e par l&rsquo;American Board of Multiple Specialties in Podiatry (ABMSP).<\/p>\n\n\n\n<h2 class=\"wp-block-heading\">Combien de jours faut-il rester en Espagne<\/h2>\n\n\n\n<p class=\"wp-block-paragraph\">C&rsquo;est la question num\u00e9ro un, et elle m\u00e9rite une r\u00e9ponse avec un calendrier, pas des g\u00e9n\u00e9ralit\u00e9s.<\/p>\n\n\n\n<figure class=\"wp-block-table\"><table class=\"has-fixed-layout\"><thead><tr><th><strong>Moment<\/strong><\/th><th><strong>Ce qui se passe<\/strong><\/th><\/tr><\/thead><tbody><tr><td><strong>Avant le voyage<\/strong><\/td><td>\u00c9valuation \u00e0 distance avec des photos et, si vous en disposez, des radiographies. Cela nous permet de confirmer que votre cas correspond et de planifier les dates avant l&rsquo;achat du billet.<\/td><\/tr><tr><td><strong>Jour 1 \u2014 Arriv\u00e9e et \u00e9valuation<\/strong><\/td><td>Examen clinique, radiographie en charge et planification chirurgicale d\u00e9finitive. On confirme s&rsquo;il s&rsquo;agit d&rsquo;un pied ou des deux.<\/td><\/tr><tr><td><strong>Jour 2 \u2014 Intervention<\/strong><\/td><td>Chirurgie percutan\u00e9e sous anesth\u00e9sie locale, en ambulatoire. Vous ressortez en marchant avec une chaussure postop\u00e9ratoire.<\/td><\/tr><tr><td><strong>Jours suivants \u2014 Repos actif<\/strong><\/td><td>Trajets courts, pied sur\u00e9lev\u00e9 le reste du temps. Sans hospitalisation.<\/td><\/tr><tr><td><strong>Premier contr\u00f4le<\/strong><\/td><td>V\u00e9rification du pansement fonctionnel et confirmation que l&rsquo;\u00e9volution est conforme.<\/td><\/tr><tr><td><strong>Autorisation de voyager<\/strong><\/td><td>Le plus souvent, le retour est possible 24 \u00e0 48 heures apr\u00e8s l&rsquo;intervention. <strong>Au total, 2 \u00e0 3 jours de s\u00e9jour suffisent g\u00e9n\u00e9ralement.<\/strong><\/td><\/tr><\/tbody><\/table><figcaption class=\"wp-element-caption\">Calendrier indicatif. Les dates exactes sont confirm\u00e9es lors de la planification individuelle.<\/figcaption><\/figure>\n\n\n\n<p class=\"wp-block-paragraph\"><strong>Conseil pratique :<\/strong> r\u00e9servez le vol retour avec la possibilit\u00e9 de le modifier. Non pas parce que nous attendons des complications, mais parce que voyager avec de la marge est plus confortable que voyager dans l&rsquo;urgence.<\/p>\n\n\n\n<h2 class=\"wp-block-heading\">Puis-je prendre l&rsquo;avion apr\u00e8s une chirurgie percutan\u00e9e du pied ?<\/h2>\n\n\n\n<p class=\"wp-block-paragraph\"><strong>Oui.<\/strong> Dans la majorit\u00e9 des cas, il est possible de voler <strong>24 \u00e0 48 heures apr\u00e8s l&rsquo;intervention<\/strong>. Avant le vol retour, un contr\u00f4le a lieu \u00e0 la clinique : c&rsquo;est l\u00e0 que l&rsquo;on v\u00e9rifie que le pansement et l&rsquo;\u00e9volution sont conformes et que l&rsquo;autorisation de voyager est donn\u00e9e. Personne ne prend l&rsquo;avion sans ce contr\u00f4le pr\u00e9alable.<\/p>\n\n\n\n<p class=\"wp-block-paragraph\">Recommandations g\u00e9n\u00e9rales pour le vol retour :<\/p>\n\n\n\n<ul class=\"wp-block-list\">\n<li><strong>Demandez un si\u00e8ge c\u00f4t\u00e9 couloir<\/strong> ou avec plus d&rsquo;espace pour les jambes. Pouvoir s&rsquo;\u00e9tirer et se lever sans g\u00eaner change tout.<\/li>\n\n\n\n<li><strong>Levez-vous et mobilisez vos chevilles r\u00e9guli\u00e8rement<\/strong> pendant le vol, sauf indication contraire.<\/li>\n\n\n\n<li><strong>Portez la chaussure postop\u00e9ratoire<\/strong>, ne la mettez pas en soute.<\/li>\n\n\n\n<li><strong>Demandez l&rsquo;assistance en a\u00e9roport<\/strong> lors de la r\u00e9servation. Elle est gratuite dans les a\u00e9roports de l&rsquo;UE et vous \u00e9vite de longues distances dans les terminaux.<\/li>\n\n\n\n<li><strong>Gardez votre compte rendu m\u00e9dical en bagage \u00e0 main<\/strong>, pas en soute.<\/li>\n<\/ul>\n\n\n\n<p class=\"wp-block-paragraph\">Alicante-Elche (ALC) est reli\u00e9 directement \u00e0 Paris, Lyon, Toulouse, Nantes et Bruxelles, entre autres, ce qui simplifie consid\u00e9rablement le trajet.<\/p>\n\n\n\n<h2 class=\"wp-block-heading\">Comment se fait le suivi une fois rentr\u00e9 chez vous<\/h2>\n\n\n\n<p class=\"wp-block-paragraph\">C&rsquo;est la partie qui rassure le plus les patients internationaux, et que presque aucune clinique n&rsquo;explique \u00e0 l&rsquo;avance. Le sch\u00e9ma est le suivant, et il est le m\u00eame pour tous ceux qui viennent de l&rsquo;\u00e9tranger :<\/p>\n\n\n\n<ul class=\"wp-block-list\">\n<li><strong>Contr\u00f4le sur place avant le vol retour.<\/strong> C&rsquo;est la derni\u00e8re visite \u00e0 Alicante, et celle qui autorise le voyage.<\/li>\n\n\n\n<li><strong>Suivi \u00e0 distance ensuite.<\/strong> Par t\u00e9l\u00e9consultation, WhatsApp ou e-mail, selon ce qui vous convient le mieux. Envoyer une photo du pied par WhatsApp r\u00e8gle la plupart des questions du quotidien.<\/li>\n\n\n\n<li><strong>Un compte rendu pour votre m\u00e9decin ou p\u00e9dicure-podologue<\/strong> dans votre pays, afin que tout professionnel puisse assurer le suivi local en sachant exactement quelle technique a \u00e9t\u00e9 employ\u00e9e.<\/li>\n<\/ul>\n\n\n\n<p class=\"wp-block-paragraph\">Ce que nous pouvons vous dire d\u00e8s maintenant : <strong>il n&rsquo;y a pas de \u00ab\u00a0sortie et au revoir\u00a0\u00bb<\/strong>. Le suivi fait partie du traitement, et le fait que vous viviez \u00e0 2 000 km n&rsquo;y change rien.<\/p>\n\n\n\n<h2 class=\"wp-block-heading\">Les documents que vous rapportez<\/h2>\n\n\n\n<p class=\"wp-block-paragraph\">Vous repartez avec <strong>toute la documentation m\u00e9dicale traduite<\/strong> en fran\u00e7ais, anglais, allemand ou n\u00e9erlandais, selon vos besoins :<\/p>\n\n\n\n<ul class=\"wp-block-list\">\n<li><strong>Compte rendu op\u00e9ratoire<\/strong> \u2014 ce qui a \u00e9t\u00e9 fait exactement et avec quelle technique.<\/li>\n\n\n\n<li><strong>Consignes postop\u00e9ratoires \u00e9crites<\/strong> \u2014 soins, pansement, chaussage et signes \u00e0 surveiller.<\/li>\n\n\n\n<li><strong>Ordonnances<\/strong> des traitements prescrits.<\/li>\n\n\n\n<li><strong>Un compte rendu destin\u00e9 \u00e0 votre m\u00e9decin ou podologue r\u00e9f\u00e9rent<\/strong>, pour la continuit\u00e9 des soins dans votre pays.<\/li>\n<\/ul>\n\n\n\n<p class=\"wp-block-paragraph\">Cela para\u00eet un d\u00e9tail et n&rsquo;en est pas un : rentrer avec un compte rendu dans une langue que votre m\u00e9decin ne lit pas transforme la moindre consultation de routine en probl\u00e8me.<\/p>\n\n\n\n<h3 class=\"wp-block-heading\">Et le remboursement par la S\u00e9curit\u00e9 sociale ou la mutuelle ?<\/h3>\n\n\n\n<p class=\"wp-block-paragraph\">La prise en charge d&rsquo;un soin \u00e0 l&rsquo;\u00e9tranger d\u00e9pend enti\u00e8rement de votre situation et de votre organisme. Nous ne pouvons pas g\u00e9rer le remboursement \u00e0 votre place, mais nous fournissons les documents m\u00e9dicaux g\u00e9n\u00e9ralement demand\u00e9s. Renseignez-vous <strong>avant<\/strong> de partir et dites-nous quels justificatifs vous seront demand\u00e9s : les obtenir sur le moment est bien plus simple que des mois plus tard.<\/p>\n\n\n\n<h2 class=\"wp-block-heading\">H\u00e9bergement et d\u00e9placements \u00e0 Alicante<\/h2>\n\n\n\n<figure class=\"wp-block-image size-large\"><img loading=\"lazy\" decoding=\"async\" width=\"1600\" height=\"676\" src=\"https:\/\/clinicasanroman.com\/wp-content\/uploads\/2026\/08\/alicante-clinica-del-pie-paciente-extranjero.jpg\" alt=\"Vue d'Alicante, ville o\u00f9 se trouve la Cl\u00ednica San Rom\u00e1n\" class=\"wp-image-10462\" srcset=\"https:\/\/clinicasanroman.com\/wp-content\/uploads\/2026\/08\/alicante-clinica-del-pie-paciente-extranjero.jpg 1600w, https:\/\/clinicasanroman.com\/wp-content\/uploads\/2026\/08\/alicante-clinica-del-pie-paciente-extranjero-300x127.jpg 300w, https:\/\/clinicasanroman.com\/wp-content\/uploads\/2026\/08\/alicante-clinica-del-pie-paciente-extranjero-1024x433.jpg 1024w, https:\/\/clinicasanroman.com\/wp-content\/uploads\/2026\/08\/alicante-clinica-del-pie-paciente-extranjero-768x324.jpg 768w, https:\/\/clinicasanroman.com\/wp-content\/uploads\/2026\/08\/alicante-clinica-del-pie-paciente-extranjero-1536x649.jpg 1536w\" sizes=\"auto, (max-width: 1600px) 100vw, 1600px\" \/><figcaption class=\"wp-element-caption\">La clinique se situe en plein centre d&rsquo;Alicante, \u00e0 environ 15 minutes de l&rsquo;a\u00e9roport.<\/figcaption><\/figure>\n\n\n\n<p class=\"wp-block-paragraph\">La clinique se trouve <strong>Av. del Doctor Ram\u00f3n y Cajal 1, en plein centre d&rsquo;Alicante<\/strong>, \u00e0 environ 15 minutes en voiture de l&rsquo;a\u00e9roport d&rsquo;Alicante-Elche (ALC), l&rsquo;un des mieux reli\u00e9s d&rsquo;Espagne avec la France, la Belgique, les Pays-Bas et l&rsquo;Allemagne.<\/p>\n\n\n\n<p class=\"wp-block-paragraph\">Ce qu&rsquo;il faut rechercher pour l&rsquo;h\u00e9bergement :<\/p>\n\n\n\n<ul class=\"wp-block-list\">\n<li><strong>Un ascenseur.<\/strong> C&rsquo;est le crit\u00e8re num\u00e9ro un. \u00c9cartez toute option qui n&rsquo;en a pas.<\/li>\n\n\n\n<li><strong>\u00c0 distance de marche de la clinique<\/strong>, ou facilement accessible en taxi.<\/li>\n\n\n\n<li><strong>Une douche accessible<\/strong>, plut\u00f4t qu&rsquo;une baignoire.<\/li>\n\n\n\n<li><strong>Commerces ou restauration \u00e0 proximit\u00e9<\/strong>, pour \u00e9viter les longs d\u00e9placements les premiers jours.<\/li>\n<\/ul>\n\n\n\n<p class=\"wp-block-paragraph\">Les h\u00e9bergements que nous recommandons habituellement \u00e0 nos patients internationaux, pour leur proximit\u00e9 et leur accessibilit\u00e9, sont <strong>Casa Alberola Alicante \u2014 Curio Collection by Hilton<\/strong>, <strong>Meli\u00e1 Alicante<\/strong> et <strong>Eurostars Lucentum<\/strong>.<\/p>\n\n\n\n<p class=\"wp-block-paragraph\">Quant au transfert depuis l&rsquo;avion, ne vous en pr\u00e9occupez pas : nous disposons d&rsquo;un service d&rsquo;accueil \u00e0 l&rsquo;a\u00e9roport. Un repr\u00e9sentant de la clinique vous re\u00e7oit \u00e0 l&rsquo;a\u00e9roport d&rsquo;Alicante-Elche Miguel Hern\u00e1ndez et vous accompagne jusqu&rsquo;\u00e0 la clinique et \u00e0 votre h\u00e9bergement. Indiquez-nous votre num\u00e9ro de vol lors de la planification du voyage et nous l&rsquo;organisons.<\/p>\n\n\n\n<h2 class=\"wp-block-heading\">La langue : vous n&rsquo;aurez pas \u00e0 traduire votre douleur<\/h2>\n\n\n\n<p class=\"wp-block-paragraph\">Le personnel de la clinique vous accueille en <strong>espagnol, anglais, allemand et fran\u00e7ais<\/strong>, et la documentation clinique vous est remise traduite en <strong>anglais, fran\u00e7ais, allemand ou n\u00e9erlandais<\/strong>. Vous pouvez nous \u00e9crire dans votre langue d\u00e8s le premier contact : toute l&rsquo;information pr\u00e9- et postop\u00e9ratoire est disponible traduite.<\/p>\n\n\n\n<p class=\"wp-block-paragraph\">Vous trouverez toutes les informations pour les patients venant de l&rsquo;\u00e9tranger sur notre page <a href=\"https:\/\/clinicasanroman.com\/fr\/patients-internationaux\/\">patients internationaux<\/a>.<\/p>\n\n\n\n<h2 class=\"wp-block-heading\">Questions fr\u00e9quentes<\/h2>\n\n\n\n<h3 class=\"wp-block-heading\">Puis-je avoir une premi\u00e8re \u00e9valuation sans me d\u00e9placer ?<\/h3>\n\n\n\n<p class=\"wp-block-paragraph\">Oui. Avec des photos de vos pieds et, si vous en avez, des radiographies ant\u00e9rieures, nous pouvons vous orienter sur la correspondance de votre cas avec le profil habituel et planifier des dates. L&rsquo;indication d\u00e9finitive exige un examen clinique et une radiographie en charge sur place.<\/p>\n\n\n\n<h3 class=\"wp-block-heading\">Puis-je me faire op\u00e9rer des deux pieds pour ne pas revenir ?<\/h3>\n\n\n\n<p class=\"wp-block-paragraph\">C&rsquo;est pr\u00e9cis\u00e9ment l&rsquo;une des raisons pour lesquelles beaucoup de patients internationaux nous choisissent. Cela s&rsquo;\u00e9value lors de la premi\u00e8re consultation, selon les crit\u00e8res expos\u00e9s dans <a href=\"https:\/\/clinicasanroman.com\/fr\/operer-les-deux-pieds-en-meme-temps-chirurgie-bilaterale\/\">op\u00e9rer les deux pieds en m\u00eame temps<\/a>.<\/p>\n\n\n\n<h3 class=\"wp-block-heading\">Dois-je venir accompagn\u00e9 ?<\/h3>\n\n\n\n<p class=\"wp-block-paragraph\">Ce n&rsquo;est pas indispensable, l&rsquo;intervention \u00e9tant ambulatoire et sous anesth\u00e9sie locale, mais c&rsquo;est vivement recommand\u00e9, surtout en cas d&rsquo;intervention bilat\u00e9rale.<\/p>\n\n\n\n<h3 class=\"wp-block-heading\">Mon assurance prend-elle en charge ?<\/h3>\n\n\n\n<p class=\"wp-block-paragraph\">Cela d\u00e9pend de votre contrat et de votre pays. Nous ne pouvons pas g\u00e9rer le remboursement, mais nous pouvons \u00e9mettre la documentation clinique habituellement exig\u00e9e. Renseignez-vous avant de partir et dites-nous quels documents vous sont demand\u00e9s.<\/p>\n\n\n\n<h3 class=\"wp-block-heading\">Et si j&rsquo;ai une complication une fois rentr\u00e9 ?<\/h3>\n\n\n\n<p class=\"wp-block-paragraph\">Vous disposez de moyens de contact direct avec la clinique \u2014 t\u00e9l\u00e9phone, WhatsApp et e-mail, du lundi au vendredi de 9h00 \u00e0 19h00 \u2014 et d&rsquo;un compte rendu permettant \u00e0 tout professionnel de sant\u00e9 de votre pays de comprendre exactement la technique employ\u00e9e. En cas de doute, \u00e9crivez-nous avant de vous rendre dans un service d&rsquo;urgences qui ne conna\u00eet pas la technique percutan\u00e9e.<\/p>\n\n\n\n<hr class=\"wp-block-separator has-alpha-channel-opacity\"\/>\n\n\n\n<h3 class=\"wp-block-heading\">Qui signe ce contenu<\/h3>\n\n\n\n<p class=\"wp-block-paragraph\">Contenu \u00e9labor\u00e9 par <strong>Cl\u00ednica San Rom\u00e1n<\/strong>, d\u00e9di\u00e9e \u00e0 la chirurgie percutan\u00e9e du pied \u00e0 Alicante depuis 1979, trois g\u00e9n\u00e9rations. \u00c9quipe m\u00e9dicale de la clinique :<br><strong><a href=\"https:\/\/clinicasanroman.com\/fr\/equipo\/dr-jose-manuel-san-roman-perez\/\">Dr. Jos\u00e9 Manuel San Rom\u00e1n P\u00e9rez<\/a><\/strong> \u2014 Fundador y Director M\u00e9dico. Pod\u00f3logo. Especialista en Cirug\u00eda Percut\u00e1nea del Pie. N\u00ba Colegiado: 2077.<br><strong><a href=\"https:\/\/clinicasanroman.com\/fr\/equipo\/dr-israel-san-roman-sirvent\/\">Dr. I. San Rom\u00e1n Sirvent<\/a><\/strong> \u2014 M\u00e9dico. Especialista en Medicina Familiar y Comunitaria. <a href=\"https:\/\/abmsp.org\/\" target=\"_blank\" rel=\"noopener\">Board Certified in Minimally Invasive Foot Surgery<\/a> (EE. UU.). N\u00ba Colegiado: 03-0310448-2.<br>Cl\u00ednica San Rom\u00e1n (Elosnasi, S.L.) \u00b7 \u00c9tablissement de sant\u00e9 enregistr\u00e9 n\u00ba 5357, Registro Auton\u00f3mico de Centros, Servicios y Establecimientos Sanitarios de la Comunitat Valenciana.<br><em>Derni\u00e8re mise \u00e0 jour : 31 ao\u00fbt 2026.<\/em><\/p>\n\n\n\n<p class=\"wp-block-paragraph\"><em>Cet article a une finalit\u00e9 informative et ne remplace pas une consultation m\u00e9dicale sur place.<\/em><\/p>\n\n\n\n<ul class=\"wp-block-list\">\n<li>\ud83d\udcde <strong>T\u00e9l\u00e9phone :<\/strong> (+34) 965 921 156<\/li>\n\n\n\n<li>\ud83d\udce7 <strong>E-mail :<\/strong> info@clinicasanroman.com<\/li>\n\n\n\n<li>\ud83d\udccd <strong>Adresse :<\/strong> Av. del Doctor Ram\u00f3n y Cajal 1, 03001 Alicante, Espagne<\/li>\n<\/ul>\n","protected":false},"excerpt":{"rendered":"<p>\u00ab\u00a0Ce n&rsquo;est pas l&rsquo;op\u00e9ration qui m&rsquo;inqui\u00e8te. C&rsquo;est le retour \u00e0 la maison.\u00a0\u00bb C&rsquo;est la phrase qui revient le plus souvent [&hellip;]<\/p>\n","protected":false},"author":1,"featured_media":10461,"comment_status":"closed","ping_status":"closed","sticky":false,"template":"","format":"standard","meta":{"inline_featured_image":false,"_uag_custom_page_level_css":"","site-sidebar-layout":"default","site-content-layout":"","ast-site-content-layout":"default","site-content-style":"default","site-sidebar-style":"default","ast-global-header-display":"","ast-banner-title-visibility":"","ast-main-header-display":"","ast-hfb-above-header-display":"","ast-hfb-below-header-display":"","ast-hfb-mobile-header-display":"","site-post-title":"","ast-breadcrumbs-content":"","ast-featured-img":"","footer-sml-layout":"","ast-disable-related-posts":"","theme-transparent-header-meta":"","adv-header-id-meta":"","stick-header-meta":"","header-above-stick-meta":"","header-main-stick-meta":"","header-below-stick-meta":"","astra-migrate-meta-layouts":"default","ast-page-background-enabled":"default","ast-page-background-meta":{"desktop":{"background-color":"var(--ast-global-color-5)","background-image":"","background-repeat":"repeat","background-position":"center center","background-size":"auto","background-attachment":"scroll","background-type":"","background-media":"","overlay-type":"","overlay-color":"","overlay-opacity":"","overlay-gradient":""},"tablet":{"background-color":"","background-image":"","background-repeat":"repeat","background-position":"center center","background-size":"auto","background-attachment":"scroll","background-type":"","background-media":"","overlay-type":"","overlay-color":"","overlay-opacity":"","overlay-gradient":""},"mobile":{"background-color":"","background-image":"","background-repeat":"repeat","background-position":"center center","background-size":"auto","background-attachment":"scroll","background-type":"","background-media":"","overlay-type":"","overlay-color":"","overlay-opacity":"","overlay-gradient":""}},"ast-content-background-meta":{"desktop":{"background-color":"var(--ast-global-color-4)","background-image":"","background-repeat":"repeat","background-position":"center center","background-size":"auto","background-attachment":"scroll","background-type":"","background-media":"","overlay-type":"","overlay-color":"","overlay-opacity":"","overlay-gradient":""},"tablet":{"background-color":"var(--ast-global-color-4)","background-image":"","background-repeat":"repeat","background-position":"center center","background-size":"auto","background-attachment":"scroll","background-type":"","background-media":"","overlay-type":"","overlay-color":"","overlay-opacity":"","overlay-gradient":""},"mobile":{"background-color":"var(--ast-global-color-4)","background-image":"","background-repeat":"repeat","background-position":"center center","background-size":"auto","background-attachment":"scroll","background-type":"","background-media":"","overlay-type":"","overlay-color":"","overlay-opacity":"","overlay-gradient":""}},"footnotes":""},"categories":[46],"tags":[],"class_list":["post-10572","post","type-post","status-publish","format-standard","has-post-thumbnail","hentry","category-articles"],"spectra_custom_meta":{"_uagb_previous_block_counts":["a:90:{s:21:\"uagb\/advanced-heading\";i:0;s:15:\"uagb\/blockquote\";i:0;s:12:\"uagb\/buttons\";i:0;s:18:\"uagb\/buttons-child\";i:0;s:19:\"uagb\/call-to-action\";i:0;s:15:\"uagb\/cf7-styler\";i:0;s:11:\"uagb\/column\";i:0;s:12:\"uagb\/columns\";i:0;s:14:\"uagb\/container\";i:0;s:21:\"uagb\/content-timeline\";i:0;s:27:\"uagb\/content-timeline-child\";i:0;s:14:\"uagb\/countdown\";i:0;s:12:\"uagb\/counter\";i:0;s:8:\"uagb\/faq\";i:0;s:14:\"uagb\/faq-child\";i:0;s:10:\"uagb\/forms\";i:0;s:17:\"uagb\/forms-accept\";i:0;s:19:\"uagb\/forms-checkbox\";i:0;s:15:\"uagb\/forms-date\";i:0;s:16:\"uagb\/forms-email\";i:0;s:17:\"uagb\/forms-hidden\";i:0;s:15:\"uagb\/forms-name\";i:0;s:16:\"uagb\/forms-phone\";i:0;s:16:\"uagb\/forms-radio\";i:0;s:17:\"uagb\/forms-select\";i:0;s:19:\"uagb\/forms-textarea\";i:0;s:17:\"uagb\/forms-toggle\";i:0;s:14:\"uagb\/forms-url\";i:0;s:14:\"uagb\/gf-styler\";i:0;s:15:\"uagb\/google-map\";i:0;s:11:\"uagb\/how-to\";i:0;s:16:\"uagb\/how-to-step\";i:0;s:9:\"uagb\/icon\";i:0;s:14:\"uagb\/icon-list\";i:0;s:20:\"uagb\/icon-list-child\";i:0;s:10:\"uagb\/image\";i:0;s:18:\"uagb\/image-gallery\";i:0;s:13:\"uagb\/info-box\";i:0;s:18:\"uagb\/inline-notice\";i:0;s:11:\"uagb\/lottie\";i:0;s:21:\"uagb\/marketing-button\";i:0;s:10:\"uagb\/modal\";i:0;s:18:\"uagb\/popup-builder\";i:0;s:16:\"uagb\/post-button\";i:0;s:18:\"uagb\/post-carousel\";i:0;s:17:\"uagb\/post-excerpt\";i:0;s:14:\"uagb\/post-grid\";i:0;s:15:\"uagb\/post-image\";i:0;s:17:\"uagb\/post-masonry\";i:0;s:14:\"uagb\/post-meta\";i:0;s:18:\"uagb\/post-taxonomy\";i:0;s:18:\"uagb\/post-timeline\";i:0;s:15:\"uagb\/post-title\";i:0;s:20:\"uagb\/restaurant-menu\";i:0;s:26:\"uagb\/restaurant-menu-child\";i:0;s:11:\"uagb\/review\";i:0;s:12:\"uagb\/section\";i:0;s:14:\"uagb\/separator\";i:0;s:11:\"uagb\/slider\";i:0;s:17:\"uagb\/slider-child\";i:0;s:17:\"uagb\/social-share\";i:0;s:23:\"uagb\/social-share-child\";i:0;s:16:\"uagb\/star-rating\";i:0;s:23:\"uagb\/sure-cart-checkout\";i:0;s:22:\"uagb\/sure-cart-product\";i:0;s:15:\"uagb\/sure-forms\";i:0;s:22:\"uagb\/table-of-contents\";i:0;s:9:\"uagb\/tabs\";i:0;s:15:\"uagb\/tabs-child\";i:0;s:18:\"uagb\/taxonomy-list\";i:0;s:9:\"uagb\/team\";i:0;s:16:\"uagb\/testimonial\";i:0;s:14:\"uagb\/wp-search\";i:0;s:19:\"uagb\/instagram-feed\";i:0;s:10:\"uagb\/login\";i:0;s:17:\"uagb\/loop-builder\";i:0;s:18:\"uagb\/loop-category\";i:0;s:20:\"uagb\/loop-pagination\";i:0;s:15:\"uagb\/loop-reset\";i:0;s:16:\"uagb\/loop-search\";i:0;s:14:\"uagb\/loop-sort\";i:0;s:17:\"uagb\/loop-wrapper\";i:0;s:13:\"uagb\/register\";i:0;s:19:\"uagb\/register-email\";i:0;s:24:\"uagb\/register-first-name\";i:0;s:23:\"uagb\/register-last-name\";i:0;s:22:\"uagb\/register-password\";i:0;s:30:\"uagb\/register-reenter-password\";i:0;s:19:\"uagb\/register-terms\";i:0;s:22:\"uagb\/register-username\";i:0;}"],"_edit_lock":["1788191601:1"],"_encloseme":["1"],"rank_math_internal_links_processed":["1"],"_thumbnail_id":["10461"],"_oembed_1fd1c91e82e2d3ae6a0c21f36bd90eeb":["<iframe title=\"Cl\u00ednica San Rom\u00e1n - Pa\u00edses Bajos Resumen\" width=\"500\" height=\"281\" src=\"https:\/\/www.youtube.com\/embed\/fxhPF-NOmRc?feature=oembed\" frameborder=\"0\" allow=\"accelerometer; autoplay; clipboard-write; encrypted-media; gyroscope; picture-in-picture; web-share\" referrerpolicy=\"strict-origin-when-cross-origin\" allowfullscreen><\/iframe>"],"_oembed_time_1fd1c91e82e2d3ae6a0c21f36bd90eeb":["1788182481"],"_wpml_word_count":["1817"],"rank_math_schema_BlogPosting":["a:9:{s:8:\"headline\";s:11:\"%seo_title%\";s:11:\"description\";s:17:\"%seo_description%\";s:13:\"datePublished\";s:20:\"%date(Y-m-dTH:i:sP)%\";s:12:\"dateModified\";s:24:\"%modified(Y-m-dTH:i:sP)%\";s:8:\"keywords\";s:10:\"%keywords%\";s:5:\"image\";a:2:{s:5:\"@type\";s:11:\"ImageObject\";s:3:\"url\";s:16:\"%post_thumbnail%\";}s:6:\"author\";a:2:{s:5:\"@type\";s:6:\"Person\";s:4:\"name\";s:6:\"%name%\";}s:5:\"@type\";s:11:\"BlogPosting\";s:8:\"metadata\";a:3:{s:5:\"title\";s:7:\"Article\";s:4:\"type\";s:8:\"template\";s:9:\"isPrimary\";b:1;}}"],"rank_math_schema_VideoObject":["a:12:{s:5:\"@type\";s:11:\"VideoObject\";s:8:\"metadata\";a:8:{s:5:\"title\";s:5:\"Video\";s:4:\"type\";s:8:\"template\";s:9:\"shortcode\";s:15:\"s-6a957fd22bba1\";s:9:\"isPrimary\";b:1;s:23:\"reviewLocationShortcode\";s:24:\"[rank_math_rich_snippet]\";s:8:\"category\";s:12:\"%categories%\";s:4:\"tags\";s:6:\"%tags%\";s:15:\"isAutoGenerated\";b:1;}s:4:\"name\";s:43:\"Cl\u00ednica San Rom\u00e1n - Pa\u00edses Bajos Resumen\";s:11:\"description\";s:163:\"Elk jaar reizen Nederlandse pati\u00ebnten naar Alicante voor voetchirurgie bij Cl\u00ednica San Rom\u00e1n. De reden die zij het vaakst noemen is concreet: hier kunnen in ...\";s:10:\"uploadDate\";s:25:\"2022-04-21T08:05:19-07:00\";s:12:\"thumbnailUrl\";s:16:\"%post_thumbnail%\";s:8:\"embedUrl\";s:41:\"https:\/\/www.youtube.com\/embed\/fxhPF-NOmRc\";s:10:\"contentUrl\";s:0:\"\";s:8:\"duration\";s:7:\"PT5M54S\";s:5:\"width\";s:4:\"1280\";s:6:\"height\";s:3:\"720\";s:16:\"isFamilyFriendly\";b:1;}"],"_edit_last":["1"],"rank_math_seo_score":["16"],"rank_math_analytic_object_id":["971"],"_last_translation_edit_mode":["native-editor"],"_oembed_266a0005a5c3d048d30b914137acc340":["<iframe title=\"Cl\u00ednica San Rom\u00e1n - Pa\u00edses Bajos Resumen\" width=\"1200\" height=\"675\" src=\"https:\/\/www.youtube.com\/embed\/fxhPF-NOmRc?feature=oembed\" frameborder=\"0\" allow=\"accelerometer; autoplay; clipboard-write; encrypted-media; gyroscope; picture-in-picture; web-share\" referrerpolicy=\"strict-origin-when-cross-origin\" allowfullscreen><\/iframe>"],"_oembed_time_266a0005a5c3d048d30b914137acc340":["1788182503"],"rank_math_title":["Se faire op\u00e9rer du pied en Espagne : le guide r\u00e9el"],"rank_math_description":["Se faire op\u00e9rer du pied en Espagne : combien de jours rester, quand reprendre l'avion et toute la logistique de votre chirurgie \u00e0 Alicante."],"rank_math_focus_keyword":["se faire op\u00e9rer du pied en Espagne"],"rank_math_auto_redirect":["a:2:{i:0;i:43;i:1;N;}"],"_wp_old_slug":["se-faire-operer-du-pied-en-espagne-depuis-letranger-le-guide-logistique-reel"],"_uag_css_file_name":["uag-css-10572.css"]},"uagb_featured_image_src":{"full":["https:\/\/clinicasanroman.com\/wp-content\/uploads\/2026\/08\/operarse-del-pie-en-espana-paciente-internacional.jpg",1600,898,false],"thumbnail":["https:\/\/clinicasanroman.com\/wp-content\/uploads\/2026\/08\/operarse-del-pie-en-espana-paciente-internacional-150x150.jpg",150,150,true],"medium":["https:\/\/clinicasanroman.com\/wp-content\/uploads\/2026\/08\/operarse-del-pie-en-espana-paciente-internacional-300x168.jpg",300,168,true],"medium_large":["https:\/\/clinicasanroman.com\/wp-content\/uploads\/2026\/08\/operarse-del-pie-en-espana-paciente-internacional-768x431.jpg",768,431,true],"large":["https:\/\/clinicasanroman.com\/wp-content\/uploads\/2026\/08\/operarse-del-pie-en-espana-paciente-internacional-1024x575.jpg",1024,575,true],"1536x1536":["https:\/\/clinicasanroman.com\/wp-content\/uploads\/2026\/08\/operarse-del-pie-en-espana-paciente-internacional-1536x862.jpg",1536,862,true],"2048x2048":["https:\/\/clinicasanroman.com\/wp-content\/uploads\/2026\/08\/operarse-del-pie-en-espana-paciente-internacional.jpg",1600,898,false]},"uagb_author_info":{"display_name":"Josu\u00e9","author_link":"https:\/\/clinicasanroman.com\/fr\/author\/orbitaclick\/"},"uagb_comment_info":0,"uagb_excerpt":"\u00ab\u00a0Ce n&rsquo;est pas l&rsquo;op\u00e9ration qui m&rsquo;inqui\u00e8te. C&rsquo;est le retour \u00e0 la maison.\u00a0\u00bb C&rsquo;est la phrase qui revient le plus souvent [&hellip;]","_links":{"self":[{"href":"https:\/\/clinicasanroman.com\/fr\/wp-json\/wp\/v2\/posts\/10572","targetHints":{"allow":["GET"]}}],"collection":[{"href":"https:\/\/clinicasanroman.com\/fr\/wp-json\/wp\/v2\/posts"}],"about":[{"href":"https:\/\/clinicasanroman.com\/fr\/wp-json\/wp\/v2\/types\/post"}],"author":[{"embeddable":true,"href":"https:\/\/clinicasanroman.com\/fr\/wp-json\/wp\/v2\/users\/1"}],"replies":[{"embeddable":true,"href":"https:\/\/clinicasanroman.com\/fr\/wp-json\/wp\/v2\/comments?post=10572"}],"version-history":[{"count":4,"href":"https:\/\/clinicasanroman.com\/fr\/wp-json\/wp\/v2\/posts\/10572\/revisions"}],"predecessor-version":[{"id":10702,"href":"https:\/\/clinicasanroman.com\/fr\/wp-json\/wp\/v2\/posts\/10572\/revisions\/10702"}],"wp:featuredmedia":[{"embeddable":true,"href":"https:\/\/clinicasanroman.com\/fr\/wp-json\/wp\/v2\/media\/10461"}],"wp:attachment":[{"href":"https:\/\/clinicasanroman.com\/fr\/wp-json\/wp\/v2\/media?parent=10572"}],"wp:term":[{"taxonomy":"category","embeddable":true,"href":"https:\/\/clinicasanroman.com\/fr\/wp-json\/wp\/v2\/categories?post=10572"},{"taxonomy":"post_tag","embeddable":true,"href":"https:\/\/clinicasanroman.com\/fr\/wp-json\/wp\/v2\/tags?post=10572"}],"curies":[{"name":"wp","href":"https:\/\/api.w.org\/{rel}","templated":true}]}}