{"id":10617,"date":"2026-08-31T13:45:00","date_gmt":"2026-08-31T11:45:00","guid":{"rendered":"https:\/\/clinicasanroman.com\/?p=10617"},"modified":"2026-08-31T17:42:52","modified_gmt":"2026-08-31T15:42:52","slug":"kommt-der-ballenzeh-nach-der-operation-zurueck-rezidiv","status":"publish","type":"post","link":"https:\/\/clinicasanroman.com\/de\/kommt-der-ballenzeh-nach-der-operation-zurueck-rezidiv\/","title":{"rendered":"Kommt der Ballenzeh nach der Operation zur\u00fcck? Rezidiv des Hallux valgus: warum es geschieht und wie sich das Risiko senken l\u00e4sst"},"content":{"rendered":"\n<p class=\"wp-block-paragraph\"><em>&#8222;Eine Freundin von mir wurde operiert und nach Jahren kam der Ballenzeh zur\u00fcck. Kann mir das auch passieren?&#8220;<\/em><\/p>\n\n\n\n<p class=\"wp-block-paragraph\">Ja. Das kann passieren: ein <strong>Rezidiv Hallux valgus<\/strong> ist m\u00f6glich. Und jede Klinik, die Ihnen das Gegenteil erz\u00e4hlt, verkauft Ihnen etwas.<\/p>\n\n\n\n<p class=\"wp-block-paragraph\">Das Rezidiv des Hallux valgus \u2014 das Wiederauftreten der Fehlstellung nach einer Operation \u2014 ist eine bekannte Realit\u00e4t in der Fu\u00dfchirurgie. Es ist weder h\u00e4ufig noch zu erwarten, aber es existiert. Und da es nach der Angst vor Schmerzen der zweith\u00e4ufigste Grund ist, warum Patienten die Operation aufschieben, verdient es eine ernsthafte Erkl\u00e4rung statt eines beruhigenden Satzes.<\/p>\n\n\n\n<p class=\"wp-block-paragraph\">In diesem Artikel erkl\u00e4ren wir, warum es tats\u00e4chlich geschieht, was getan wird, um das Risiko zu senken, und welche M\u00f6glichkeiten Sie haben, wenn Sie andernorts operiert wurden und der Ballenzeh zur\u00fcck ist.<\/p>\n\n\n\n<h2 class=\"wp-block-heading\">Zun\u00e4chst: was ein Rezidiv genau ist<\/h2>\n\n\n\n<p class=\"wp-block-paragraph\">Es lohnt sich, zwei Dinge zu unterscheiden, die Patienten oft verwechseln:<\/p>\n\n\n\n<ul class=\"wp-block-list\">\n<li><strong>Unzureichende Korrektur:<\/strong> die Fehlstellung wurde nie vollst\u00e4ndig korrigiert. Sie ist nicht &#8222;zur\u00fcckgekommen&#8220;, sie war nie weg. Man erkennt es auf der Kontrollaufnahme der ersten Monate.<\/li>\n\n\n\n<li><strong>Echtes Rezidiv:<\/strong> der Fu\u00df wurde korrigiert, blieb eine Zeit lang korrigiert, und danach kehrte die Abweichung allm\u00e4hlich zur\u00fcck.<\/li>\n<\/ul>\n\n\n\n<p class=\"wp-block-paragraph\">Das sind unterschiedliche Probleme mit unterschiedlichen Ursachen. Und diese Unterscheidung ist entscheidend daf\u00fcr, was als N\u00e4chstes zu tun ist.<\/p>\n\n\n\n<h2 class=\"wp-block-heading\">Rezidiv Hallux valgus: die 4 tats\u00e4chlichen Ursachen<\/h2>\n\n\n\n<h3 class=\"wp-block-heading\">1. Die Beule wurde korrigiert, der Winkel nicht<\/h3>\n\n\n\n<p class=\"wp-block-paragraph\">Das ist mit Abstand die h\u00e4ufigste und die am besten vermeidbare Ursache.<\/p>\n\n\n\n<p class=\"wp-block-paragraph\">Ein Ballenzeh ist keine Beule: er ist eine strukturelle Fehlstellung. Der erste Mittelfu\u00dfknochen hat sich vom zweiten entfernt und die Gro\u00dfzehe ist nach au\u00dfen abgewichen. Diese sichtbare &#8222;Beule&#8220;, die am Schuh reibt, ist schlicht der hervortretende Kopf des Mittelfu\u00dfknochens.<\/p>\n\n\n\n<p class=\"wp-block-paragraph\">Beschr\u00e4nkt sich ein Eingriff darauf, diese kn\u00f6cherne Vorw\u00f6lbung abzutragen \u2014 fachlich eine Exostosektomie \u2014 sieht der Fu\u00df \u00e4sthetisch besser aus und reibt eine Zeit lang nicht mehr. Doch der Knochen steht genauso schief wie zuvor. Und da die Kr\u00e4fte, die ihn abgelenkt haben, weiterwirken, kehrt die Fehlstellung zur\u00fcck.<\/p>\n\n\n\n<p class=\"wp-block-paragraph\"><strong>Eine Hallux-valgus-Operation, die den Knochen nicht neu ausrichtet, ist keine Korrektur: sie ist ein Aufschub.<\/strong><\/p>\n\n\n\n<h3 class=\"wp-block-heading\">2. Die biomechanische Ursache wurde nicht korrigiert<\/h3>\n\n\n\n<p class=\"wp-block-paragraph\">Ein Hallux valgus entsteht fast nie ohne Grund. Dahinter steckt meist ein Abrollmuster, das den ersten Strahl wiederholt \u00fcberlastet: \u00fcberm\u00e4\u00dfige Pronation, ein hypermobiler erster Mittelfu\u00dfknochen, eine Verk\u00fcrzung der hinteren Kette.<\/p>\n\n\n\n<p class=\"wp-block-paragraph\">Wird der Knochen korrigiert, der Patient aber in dieselbe Mechanik zur\u00fcckgeschickt, die ihn abgelenkt hat, wurde die Wirkung korrigiert und die Ursache unangetastet gelassen. Deshalb sind die Ganganalyse und, wo angezeigt, ma\u00dfgefertigte Einlagen nach der Operation kein Extra: sie sind Teil der Behandlung.<\/p>\n\n\n\n<h3 class=\"wp-block-heading\">3. Schuhwerk und Gewohnheiten danach<\/h3>\n\n\n\n<p class=\"wp-block-paragraph\">Ein frisch korrigierter Fu\u00df befindet sich in der Konsolidierungsphase. Zu fr\u00fch zu engen Schuhen mit spitzer Kappe oder stundenlang hohen Abs\u00e4tzen zur\u00fcckzukehren, setzt die Korrektur genau denselben Kr\u00e4ften aus, die das Problem verursacht haben.<\/p>\n\n\n\n<p class=\"wp-block-paragraph\">Es geht nicht darum, f\u00fcr immer auf elegante Schuhe zu verzichten. Es geht darum, die Fristen einzuhalten und im Alltag Schuhe mit r\u00fccksichtsvollem Leisten zu tragen.<\/p>\n\n\n\n<h3 class=\"wp-block-heading\">4. Individuelle, nicht ver\u00e4nderbare Faktoren<\/h3>\n\n\n\n<p class=\"wp-block-paragraph\">Es gibt eine reale erbliche und strukturelle Komponente: Bandlaxit\u00e4t, Fu\u00dfform, Gelenktyp. Manche F\u00fc\u00dfe neigen st\u00e4rker zu Fehlstellungen, so wie manche Menschen zu anderen strukturellen Erkrankungen neigen.<\/p>\n\n\n\n<p class=\"wp-block-paragraph\">Dieser Faktor l\u00e4sst sich nicht beseitigen. Was m\u00f6glich ist: ihn in der Operationsplanung und in der Nachsorge zu ber\u00fccksichtigen.<\/p>\n\n\n\n<h2 class=\"wp-block-heading\">Spielt es eine Rolle, dass keine Schrauben verwendet werden?<\/h2>\n\n\n\n<p class=\"wp-block-paragraph\">Eine sehr berechtigte Frage, die uns st\u00e4ndig gestellt wird: <em>&#8222;wenn nichts eingesetzt wird, was h\u00e4lt dann den Knochen?&#8220;<\/em><\/p>\n\n\n\n<p class=\"wp-block-paragraph\">Die Antwort: bei der <a href=\"https:\/\/clinicasanroman.com\/de\/ballenzeh-chirurgie\/\">perkutanen Technik<\/a> wird der Knochen durch einen <strong>spezifischen funktionellen Verband<\/strong> stabilisiert, der die Korrektur w\u00e4hrend der Konsolidierungsphase h\u00e4lt. Dieser Verband ist kein einfaches Pflaster: er ist ein Element der Behandlung, wird fachgerecht angelegt und in der Sprechstunde kontrolliert.<\/p>\n\n\n\n<p class=\"wp-block-paragraph\">Internes Fixationsmaterial l\u00f6st ein Problem, das der offenen Chirurgie eigen ist: wird der Fu\u00df weit ge\u00f6ffnet und werden die Weichteile destabilisiert, braucht es etwas, das h\u00e4lt. Da diese Destabilisierung beim perkutanen Vorgehen nicht eintritt, ist der Bedarf ein anderer.<\/p>\n\n\n\n<p class=\"wp-block-paragraph\">Zudem vermeidet der Verzicht auf Schrauben ein keineswegs seltenes Szenario: Material, das st\u00f6rt, sich lockert oder in einem zweiten Eingriff entfernt werden muss. Der vollst\u00e4ndige Vergleich beider Methoden steht in <a href=\"https:\/\/clinicasanroman.com\/de\/traditionelle-offene-chirurgie-vs-mis-technik-warum-das-entlassen-am-ersten-tag-alles-veraendert\/\">offene Chirurgie vs. MIS-Technik<\/a>.<\/p>\n\n\n\n<h2 class=\"wp-block-heading\">Wie sich das Risiko senken l\u00e4sst: die 5 entscheidenden Punkte<\/h2>\n\n\n\n<figure class=\"wp-block-table\"><table class=\"has-fixed-layout\"><thead><tr><th><strong>Was<\/strong><\/th><th><strong>Warum es das Rezidivrisiko senkt<\/strong><\/th><\/tr><\/thead><tbody><tr><td><strong>Vorherige belastete R\u00f6ntgenaufnahme<\/strong><\/td><td>Erlaubt, die tats\u00e4chliche Abweichung am arbeitenden Fu\u00df zu messen, nicht die scheinbare<\/td><\/tr><tr><td><strong>Den Winkel korrigieren, nicht die Vorw\u00f6lbung<\/strong><\/td><td>An der Struktur ansetzen und nicht nur am sichtbaren Relief<\/td><\/tr><tr><td><strong>Auch die Kleinzehen korrigieren<\/strong><\/td><td>Eine unkorrigierte zweite Krallenzehe dr\u00fcckt weiter gegen die Gro\u00dfzehe<\/td><\/tr><tr><td><strong>Ganganalyse und Einlagen, wenn angezeigt<\/strong><\/td><td>Neutralisiert das mechanische Muster, das die Abweichung verursachte<\/td><\/tr><tr><td><strong>Vollst\u00e4ndige postoperative Nachsorge<\/strong><\/td><td>Erkennt einen Korrekturverlust rechtzeitig, solange er beherrschbar ist<\/td><\/tr><\/tbody><\/table><\/figure>\n\n\n\n<p class=\"wp-block-paragraph\">Keiner dieser f\u00fcnf Punkte garantiert ein Ergebnis \u2014 das kann niemand \u2014 aber zusammen machen sie den Unterschied zwischen einer geplanten und einer improvisierten Operation.<\/p>\n\n\n\n<h2 class=\"wp-block-heading\">Ich wurde bereits operiert und es ist zur\u00fcckgekommen. Was kann ich tun?<\/h2>\n\n\n\n<p class=\"wp-block-paragraph\">Zun\u00e4chst: es ist kein hoffnungsloser Fall, und es ist nicht Ihre Schuld.<\/p>\n\n\n\n<p class=\"wp-block-paragraph\">Was wir brauchen, ist zu verstehen, was geschehen ist. Bei einer Zweitmeinung pr\u00fcfen wir:<\/p>\n\n\n\n<ul class=\"wp-block-list\">\n<li>Den vorherigen Operationsbericht, falls vorhanden, um zu wissen, welche Technik angewendet wurde.<\/li>\n\n\n\n<li>Eine aktuelle belastete R\u00f6ntgenaufnahme, um die tats\u00e4chliche Abweichung zu messen und zu vergleichen.<\/li>\n\n\n\n<li>Den Zustand des Fixationsmaterials, sofern vorhanden.<\/li>\n\n\n\n<li>Die Beweglichkeit des Gelenks und das Vorliegen einer Arthrose.<\/li>\n\n\n\n<li>Ihr Abrollmuster, um die unbehandelt gebliebene Ursache zu identifizieren.<\/li>\n<\/ul>\n\n\n\n<p class=\"wp-block-paragraph\">Darauf aufbauend werden Optionen vorgeschlagen, und die f\u00fchren nicht immer \u00fcber eine erneute Operation. In manchen F\u00e4llen stabilisiert das Korrigieren von Mechanik und Schuhwerk die Situation. In anderen ist eine Revisionsoperation tats\u00e4chlich angezeigt.<\/p>\n\n\n\n<p class=\"wp-block-paragraph\">Keinen Sinn ergibt es, genau denselben Ansatz zu wiederholen, der bereits einmal gescheitert ist.<\/p>\n\n\n\n<h2 class=\"wp-block-heading\">Dieselbe Frage, im Video beantwortet<\/h2>\n\n\n\n<p class=\"wp-block-paragraph\">Es ist eine der Fragen, die uns \u00fcber unseren YouTube-Kanal am h\u00e4ufigsten erreichen, und wir beantworten sie dort wie hier: ohne Schn\u00f6rkel (auf Spanisch).<\/p>\n\n\n\n<figure class=\"wp-block-embed is-type-video is-provider-youtube wp-block-embed-youtube wp-embed-aspect-16-9 wp-has-aspect-ratio\"><div class=\"wp-block-embed__wrapper\">\n<iframe loading=\"lazy\" title=\"Cl\u00ednica San Rom\u00e1n \ud83d\udc63\u00bfVuelve a salir los juanetes despu\u00e9s de operar?\" width=\"500\" height=\"281\" src=\"https:\/\/www.youtube.com\/embed\/LPbw7UVOmqA?feature=oembed\" frameborder=\"0\" allow=\"accelerometer; autoplay; clipboard-write; encrypted-media; gyroscope; picture-in-picture; web-share\" referrerpolicy=\"strict-origin-when-cross-origin\" allowfullscreen><\/iframe>\n<\/div><figcaption class=\"wp-element-caption\">Kommt der Ballenzeh nach der Operation zur\u00fcck? Wovon es wirklich abh\u00e4ngt.<\/figcaption><\/figure>\n\n\n\n<h2 class=\"wp-block-heading\">H\u00e4ufige Fragen<\/h2>\n\n\n\n<h3 class=\"wp-block-heading\">Wie lange danach kann ein Rezidiv auftreten?<\/h3>\n\n\n\n<p class=\"wp-block-paragraph\">Es gibt keine einheitliche Frist. Eine unzureichende Korrektur zeigt sich meist in den ersten Monaten auf der Kontrollaufnahme. Ein fortschreitendes Rezidiv kann sich Jahre sp\u00e4ter manifestieren. Deshalb hat die langfristige Nachsorge ihren Wert.<\/p>\n\n\n\n<h3 class=\"wp-block-heading\">Kann derselbe Fu\u00df zweimal operiert werden?<\/h3>\n\n\n\n<p class=\"wp-block-paragraph\">Ja, eine Revisionsoperation ist m\u00f6glich. Sie ist technisch anspruchsvoller als ein Ersteingriff, weil an einem bereits operierten Fu\u00df gearbeitet wird, und erfordert eine besonders sorgf\u00e4ltige Planung.<\/p>\n\n\n\n<h3 class=\"wp-block-heading\">Kommt es bei famili\u00e4rer Vorbelastung sicher zur\u00fcck?<\/h3>\n\n\n\n<p class=\"wp-block-paragraph\">Nein. Die erbliche Komponente beeinflusst die Neigung, die Fehlstellung zu entwickeln, bestimmt aber nicht das Ergebnis einer gut geplanten Korrektur mit begleitender biomechanischer Kontrolle.<\/p>\n\n\n\n<h3 class=\"wp-block-heading\">Sind Einlagen nach der Operation Pflicht?<\/h3>\n\n\n\n<p class=\"wp-block-paragraph\">Nicht in allen F\u00e4llen. Sie werden verordnet, wenn die Ganganalyse ein auszugleichendes Muster zeigt. Sind sie angezeigt, geh\u00f6ren sie zu den Faktoren, die am meisten dazu beitragen, die Korrektur langfristig zu erhalten.<\/p>\n\n\n\n<h3 class=\"wp-block-heading\">Kann ich eine Zweitmeinung einholen, wenn ich anderswo operiert wurde?<\/h3>\n\n\n\n<p class=\"wp-block-paragraph\">Selbstverst\u00e4ndlich. Das ist eine \u00fcbliche Konsultation. Bringen Sie nach M\u00f6glichkeit den Operationsbericht und fr\u00fchere R\u00f6ntgenaufnahmen mit; sie helfen sehr, den Ausgangspunkt zu verstehen.<\/p>\n\n\n\n<hr class=\"wp-block-separator has-alpha-channel-opacity\"\/>\n\n\n\n<h3 class=\"wp-block-heading\">Wer f\u00fcr diesen Inhalt steht<\/h3>\n\n\n\n<p class=\"wp-block-paragraph\">Inhalt erstellt von <strong>Cl\u00ednica San Rom\u00e1n<\/strong>, seit 1979 auf perkutane Fu\u00dfchirurgie in Alicante spezialisiert, drei Generationen. \u00c4rztliches Team der Klinik:<br><strong><a href=\"https:\/\/clinicasanroman.com\/de\/equipo\/dr-jose-manuel-san-roman-perez\/\">Dr. Jos\u00e9 Manuel San Rom\u00e1n P\u00e9rez<\/a><\/strong> \u2014 Fundador y Director M\u00e9dico. Pod\u00f3logo. Especialista en Cirug\u00eda Percut\u00e1nea del Pie. N\u00ba Colegiado: 2077.<br><strong><a href=\"https:\/\/clinicasanroman.com\/de\/equipo\/dr-israel-san-roman-sirvent\/\">Dr. I. San Rom\u00e1n Sirvent<\/a><\/strong> \u2014 M\u00e9dico. Especialista en Medicina Familiar y Comunitaria. <a href=\"https:\/\/abmsp.org\/\" target=\"_blank\" rel=\"noopener\">Board Certified in Minimally Invasive Foot Surgery<\/a> (EE. UU.). N\u00ba Colegiado: 03-0310448-2.<br>Cl\u00ednica San Rom\u00e1n (Elosnasi, S.L.) \u00b7 Registrierte Gesundheitseinrichtung Nr. 5357, Registro Auton\u00f3mico de Centros, Servicios y Establecimientos Sanitarios de la Comunitat Valenciana.<br><em>Letzte Aktualisierung: 31. August 2026.<\/em><\/p>\n\n\n\n<p class=\"wp-block-paragraph\"><em>Dieser Artikel dient der Information und ersetzt keine \u00e4rztliche Untersuchung vor Ort.<\/em><\/p>\n\n\n\n<ul class=\"wp-block-list\">\n<li>\ud83d\udcde <strong>Telefon:<\/strong> (+34) 965 921 156<\/li>\n\n\n\n<li>\ud83d\udce7 <strong>E-Mail:<\/strong> info@clinicasanroman.com<\/li>\n\n\n\n<li>\ud83d\udccd <strong>Adresse:<\/strong> Av. del Doctor Ram\u00f3n y Cajal 1, 03001 Alicante, Spanien<\/li>\n<\/ul>\n","protected":false},"excerpt":{"rendered":"<p>&#8222;Eine Freundin von mir wurde operiert und nach Jahren kam der Ballenzeh zur\u00fcck. Kann mir das auch passieren?&#8220; Ja. Das [&hellip;]<\/p>\n","protected":false},"author":1,"featured_media":10460,"comment_status":"closed","ping_status":"closed","sticky":false,"template":"","format":"standard","meta":{"inline_featured_image":false,"_uag_custom_page_level_css":"","site-sidebar-layout":"default","site-content-layout":"","ast-site-content-layout":"default","site-content-style":"default","site-sidebar-style":"default","ast-global-header-display":"","ast-banner-title-visibility":"","ast-main-header-display":"","ast-hfb-above-header-display":"","ast-hfb-below-header-display":"","ast-hfb-mobile-header-display":"","site-post-title":"","ast-breadcrumbs-content":"","ast-featured-img":"","footer-sml-layout":"","ast-disable-related-posts":"","theme-transparent-header-meta":"","adv-header-id-meta":"","stick-header-meta":"","header-above-stick-meta":"","header-main-stick-meta":"","header-below-stick-meta":"","astra-migrate-meta-layouts":"default","ast-page-background-enabled":"default","ast-page-background-meta":{"desktop":{"background-color":"var(--ast-global-color-5)","background-image":"","background-repeat":"repeat","background-position":"center center","background-size":"auto","background-attachment":"scroll","background-type":"","background-media":"","overlay-type":"","overlay-color":"","overlay-opacity":"","overlay-gradient":""},"tablet":{"background-color":"","background-image":"","background-repeat":"repeat","background-position":"center center","background-size":"auto","background-attachment":"scroll","background-type":"","background-media":"","overlay-type":"","overlay-color":"","overlay-opacity":"","overlay-gradient":""},"mobile":{"background-color":"","background-image":"","background-repeat":"repeat","background-position":"center center","background-size":"auto","background-attachment":"scroll","background-type":"","background-media":"","overlay-type":"","overlay-color":"","overlay-opacity":"","overlay-gradient":""}},"ast-content-background-meta":{"desktop":{"background-color":"var(--ast-global-color-4)","background-image":"","background-repeat":"repeat","background-position":"center center","background-size":"auto","background-attachment":"scroll","background-type":"","background-media":"","overlay-type":"","overlay-color":"","overlay-opacity":"","overlay-gradient":""},"tablet":{"background-color":"var(--ast-global-color-4)","background-image":"","background-repeat":"repeat","background-position":"center center","background-size":"auto","background-attachment":"scroll","background-type":"","background-media":"","overlay-type":"","overlay-color":"","overlay-opacity":"","overlay-gradient":""},"mobile":{"background-color":"var(--ast-global-color-4)","background-image":"","background-repeat":"repeat","background-position":"center center","background-size":"auto","background-attachment":"scroll","background-type":"","background-media":"","overlay-type":"","overlay-color":"","overlay-opacity":"","overlay-gradient":""}},"footnotes":""},"categories":[59],"tags":[],"class_list":["post-10617","post","type-post","status-publish","format-standard","has-post-thumbnail","hentry","category-artikel"],"spectra_custom_meta":{"_uagb_previous_block_counts":["a:90:{s:21:\"uagb\/advanced-heading\";i:0;s:15:\"uagb\/blockquote\";i:0;s:12:\"uagb\/buttons\";i:0;s:18:\"uagb\/buttons-child\";i:0;s:19:\"uagb\/call-to-action\";i:0;s:15:\"uagb\/cf7-styler\";i:0;s:11:\"uagb\/column\";i:0;s:12:\"uagb\/columns\";i:0;s:14:\"uagb\/container\";i:0;s:21:\"uagb\/content-timeline\";i:0;s:27:\"uagb\/content-timeline-child\";i:0;s:14:\"uagb\/countdown\";i:0;s:12:\"uagb\/counter\";i:0;s:8:\"uagb\/faq\";i:0;s:14:\"uagb\/faq-child\";i:0;s:10:\"uagb\/forms\";i:0;s:17:\"uagb\/forms-accept\";i:0;s:19:\"uagb\/forms-checkbox\";i:0;s:15:\"uagb\/forms-date\";i:0;s:16:\"uagb\/forms-email\";i:0;s:17:\"uagb\/forms-hidden\";i:0;s:15:\"uagb\/forms-name\";i:0;s:16:\"uagb\/forms-phone\";i:0;s:16:\"uagb\/forms-radio\";i:0;s:17:\"uagb\/forms-select\";i:0;s:19:\"uagb\/forms-textarea\";i:0;s:17:\"uagb\/forms-toggle\";i:0;s:14:\"uagb\/forms-url\";i:0;s:14:\"uagb\/gf-styler\";i:0;s:15:\"uagb\/google-map\";i:0;s:11:\"uagb\/how-to\";i:0;s:16:\"uagb\/how-to-step\";i:0;s:9:\"uagb\/icon\";i:0;s:14:\"uagb\/icon-list\";i:0;s:20:\"uagb\/icon-list-child\";i:0;s:10:\"uagb\/image\";i:0;s:18:\"uagb\/image-gallery\";i:0;s:13:\"uagb\/info-box\";i:0;s:18:\"uagb\/inline-notice\";i:0;s:11:\"uagb\/lottie\";i:0;s:21:\"uagb\/marketing-button\";i:0;s:10:\"uagb\/modal\";i:0;s:18:\"uagb\/popup-builder\";i:0;s:16:\"uagb\/post-button\";i:0;s:18:\"uagb\/post-carousel\";i:0;s:17:\"uagb\/post-excerpt\";i:0;s:14:\"uagb\/post-grid\";i:0;s:15:\"uagb\/post-image\";i:0;s:17:\"uagb\/post-masonry\";i:0;s:14:\"uagb\/post-meta\";i:0;s:18:\"uagb\/post-taxonomy\";i:0;s:18:\"uagb\/post-timeline\";i:0;s:15:\"uagb\/post-title\";i:0;s:20:\"uagb\/restaurant-menu\";i:0;s:26:\"uagb\/restaurant-menu-child\";i:0;s:11:\"uagb\/review\";i:0;s:12:\"uagb\/section\";i:0;s:14:\"uagb\/separator\";i:0;s:11:\"uagb\/slider\";i:0;s:17:\"uagb\/slider-child\";i:0;s:17:\"uagb\/social-share\";i:0;s:23:\"uagb\/social-share-child\";i:0;s:16:\"uagb\/star-rating\";i:0;s:23:\"uagb\/sure-cart-checkout\";i:0;s:22:\"uagb\/sure-cart-product\";i:0;s:15:\"uagb\/sure-forms\";i:0;s:22:\"uagb\/table-of-contents\";i:0;s:9:\"uagb\/tabs\";i:0;s:15:\"uagb\/tabs-child\";i:0;s:18:\"uagb\/taxonomy-list\";i:0;s:9:\"uagb\/team\";i:0;s:16:\"uagb\/testimonial\";i:0;s:14:\"uagb\/wp-search\";i:0;s:19:\"uagb\/instagram-feed\";i:0;s:10:\"uagb\/login\";i:0;s:17:\"uagb\/loop-builder\";i:0;s:18:\"uagb\/loop-category\";i:0;s:20:\"uagb\/loop-pagination\";i:0;s:15:\"uagb\/loop-reset\";i:0;s:16:\"uagb\/loop-search\";i:0;s:14:\"uagb\/loop-sort\";i:0;s:17:\"uagb\/loop-wrapper\";i:0;s:13:\"uagb\/register\";i:0;s:19:\"uagb\/register-email\";i:0;s:24:\"uagb\/register-first-name\";i:0;s:23:\"uagb\/register-last-name\";i:0;s:22:\"uagb\/register-password\";i:0;s:30:\"uagb\/register-reenter-password\";i:0;s:19:\"uagb\/register-terms\";i:0;s:22:\"uagb\/register-username\";i:0;}"],"_edit_lock":["1788191615:1"],"_encloseme":["1"],"rank_math_internal_links_processed":["1"],"_thumbnail_id":["10460"],"_oembed_05eb2aaa94cf4817d0f8815e4312a667":["<iframe title=\"Cl\u00ednica San Rom\u00e1n \ud83d\udc63\u00bfVuelve a salir los juanetes despu\u00e9s de operar?\" width=\"500\" height=\"281\" src=\"https:\/\/www.youtube.com\/embed\/LPbw7UVOmqA?feature=oembed\" frameborder=\"0\" allow=\"accelerometer; autoplay; clipboard-write; encrypted-media; gyroscope; picture-in-picture; web-share\" referrerpolicy=\"strict-origin-when-cross-origin\" allowfullscreen><\/iframe>"],"_oembed_time_05eb2aaa94cf4817d0f8815e4312a667":["1788183625"],"_wpml_word_count":["1601"],"rank_math_schema_BlogPosting":["a:9:{s:8:\"headline\";s:11:\"%seo_title%\";s:11:\"description\";s:17:\"%seo_description%\";s:13:\"datePublished\";s:20:\"%date(Y-m-dTH:i:sP)%\";s:12:\"dateModified\";s:24:\"%modified(Y-m-dTH:i:sP)%\";s:8:\"keywords\";s:10:\"%keywords%\";s:5:\"image\";a:2:{s:5:\"@type\";s:11:\"ImageObject\";s:3:\"url\";s:16:\"%post_thumbnail%\";}s:6:\"author\";a:2:{s:5:\"@type\";s:6:\"Person\";s:4:\"name\";s:6:\"%name%\";}s:5:\"@type\";s:11:\"BlogPosting\";s:8:\"metadata\";a:3:{s:5:\"title\";s:7:\"Article\";s:4:\"type\";s:8:\"template\";s:9:\"isPrimary\";b:1;}}"],"rank_math_schema_VideoObject":["a:12:{s:5:\"@type\";s:11:\"VideoObject\";s:8:\"metadata\";a:8:{s:5:\"title\";s:5:\"Video\";s:4:\"type\";s:8:\"template\";s:9:\"shortcode\";s:15:\"s-6a95844a1eb3a\";s:9:\"isPrimary\";b:1;s:23:\"reviewLocationShortcode\";s:24:\"[rank_math_rich_snippet]\";s:8:\"category\";s:12:\"%categories%\";s:4:\"tags\";s:6:\"%tags%\";s:15:\"isAutoGenerated\";b:1;}s:4:\"name\";s:73:\"Cl\u00ednica San Rom\u00e1n \ud83d\udc63\u00bfVuelve a salir los juanetes despu\u00e9s de operar?\";s:11:\"description\";s:160:\"Puede volver a aparecer, y conviene decirlo claro. La recidiva del hallux valgus existe y depende de varios factores: el grado de deformidad de partida, la t...\";s:10:\"uploadDate\";s:25:\"2017-09-04T01:16:13-07:00\";s:12:\"thumbnailUrl\";s:16:\"%post_thumbnail%\";s:8:\"embedUrl\";s:41:\"https:\/\/www.youtube.com\/embed\/LPbw7UVOmqA\";s:10:\"contentUrl\";s:0:\"\";s:8:\"duration\";s:7:\"PT0M39S\";s:5:\"width\";s:4:\"1280\";s:6:\"height\";s:3:\"720\";s:16:\"isFamilyFriendly\";b:1;}"],"_edit_last":["1"],"rank_math_analytic_object_id":["978"],"_last_translation_edit_mode":["native-editor"],"rank_math_seo_score":["17"],"rank_math_title":["Rezidiv Hallux valgus: kommt der Ballenzeh zur\u00fcck?"],"rank_math_description":["Rezidiv Hallux valgus: die wahren Ursachen, wie sich das Risiko senken l\u00e4sst und was tun, wenn der Ballenzeh nach der OP zur\u00fcckgekommen ist."],"rank_math_focus_keyword":["Rezidiv Hallux valgus"],"rank_math_auto_redirect":["a:2:{i:0;i:50;i:1;N;}"],"_wp_old_slug":["kommt-der-ballenzeh-nach-der-operation-zurueck-rezidiv-des-hallux-valgus-warum-es-geschieht-und-wie-sich-das-risiko-senken-laesst"],"_oembed_bd0fa98966f24daffcb48e6ed67a4667":["<iframe title=\"Cl\u00ednica San Rom\u00e1n \ud83d\udc63\u00bfVuelve a salir los juanetes despu\u00e9s de operar?\" width=\"1200\" height=\"675\" src=\"https:\/\/www.youtube.com\/embed\/LPbw7UVOmqA?feature=oembed\" frameborder=\"0\" allow=\"accelerometer; autoplay; clipboard-write; encrypted-media; gyroscope; picture-in-picture; web-share\" referrerpolicy=\"strict-origin-when-cross-origin\" allowfullscreen><\/iframe>"],"_oembed_time_bd0fa98966f24daffcb48e6ed67a4667":["1788183663"],"_uag_css_file_name":["uag-css-10617.css"]},"uagb_featured_image_src":{"full":["https:\/\/clinicasanroman.com\/wp-content\/uploads\/2026\/08\/recidiva-hallux-valgus-revision-radiografia.jpg",1600,1115,false],"thumbnail":["https:\/\/clinicasanroman.com\/wp-content\/uploads\/2026\/08\/recidiva-hallux-valgus-revision-radiografia-150x150.jpg",150,150,true],"medium":["https:\/\/clinicasanroman.com\/wp-content\/uploads\/2026\/08\/recidiva-hallux-valgus-revision-radiografia-300x209.jpg",300,209,true],"medium_large":["https:\/\/clinicasanroman.com\/wp-content\/uploads\/2026\/08\/recidiva-hallux-valgus-revision-radiografia-768x535.jpg",768,535,true],"large":["https:\/\/clinicasanroman.com\/wp-content\/uploads\/2026\/08\/recidiva-hallux-valgus-revision-radiografia-1024x714.jpg",1024,714,true],"1536x1536":["https:\/\/clinicasanroman.com\/wp-content\/uploads\/2026\/08\/recidiva-hallux-valgus-revision-radiografia-1536x1070.jpg",1536,1070,true],"2048x2048":["https:\/\/clinicasanroman.com\/wp-content\/uploads\/2026\/08\/recidiva-hallux-valgus-revision-radiografia.jpg",1600,1115,false]},"uagb_author_info":{"display_name":"Josu\u00e9","author_link":"https:\/\/clinicasanroman.com\/de\/author\/orbitaclick\/"},"uagb_comment_info":0,"uagb_excerpt":"&#8222;Eine Freundin von mir wurde operiert und nach Jahren kam der Ballenzeh zur\u00fcck. Kann mir das auch passieren?&#8220; Ja. Das [&hellip;]","_links":{"self":[{"href":"https:\/\/clinicasanroman.com\/de\/wp-json\/wp\/v2\/posts\/10617","targetHints":{"allow":["GET"]}}],"collection":[{"href":"https:\/\/clinicasanroman.com\/de\/wp-json\/wp\/v2\/posts"}],"about":[{"href":"https:\/\/clinicasanroman.com\/de\/wp-json\/wp\/v2\/types\/post"}],"author":[{"embeddable":true,"href":"https:\/\/clinicasanroman.com\/de\/wp-json\/wp\/v2\/users\/1"}],"replies":[{"embeddable":true,"href":"https:\/\/clinicasanroman.com\/de\/wp-json\/wp\/v2\/comments?post=10617"}],"version-history":[{"count":5,"href":"https:\/\/clinicasanroman.com\/de\/wp-json\/wp\/v2\/posts\/10617\/revisions"}],"predecessor-version":[{"id":10725,"href":"https:\/\/clinicasanroman.com\/de\/wp-json\/wp\/v2\/posts\/10617\/revisions\/10725"}],"wp:featuredmedia":[{"embeddable":true,"href":"https:\/\/clinicasanroman.com\/de\/wp-json\/wp\/v2\/media\/10460"}],"wp:attachment":[{"href":"https:\/\/clinicasanroman.com\/de\/wp-json\/wp\/v2\/media?parent=10617"}],"wp:term":[{"taxonomy":"category","embeddable":true,"href":"https:\/\/clinicasanroman.com\/de\/wp-json\/wp\/v2\/categories?post=10617"},{"taxonomy":"post_tag","embeddable":true,"href":"https:\/\/clinicasanroman.com\/de\/wp-json\/wp\/v2\/tags?post=10617"}],"curies":[{"name":"wp","href":"https:\/\/api.w.org\/{rel}","templated":true}]}}